{"id":1470,"date":"2025-06-01T08:00:10","date_gmt":"2025-06-01T05:00:10","guid":{"rendered":"https:\/\/karpaty-ilz.com\/?p=1470"},"modified":"2025-06-03T21:42:59","modified_gmt":"2025-06-03T18:42:59","slug":"1470-2","status":"publish","type":"post","link":"https:\/\/karpaty-ilz.com\/cz\/1470-2\/","title":{"rendered":"\ud83c\udf04 Karpaty se probouzej\u00ed \u2013 a volaj\u00ed v\u00e1s!"},"content":{"rendered":"<p><strong>\ud83c\udf3f L\u00c9TO JE TADY. Je \u010das rezervovat si dovolenou, o kter\u00e9 jste snili celou zimu.<\/strong><\/p>\n\n\n\n<p>P\u0159edstavte si: prvn\u00ed slune\u010dn\u00ed teplo se dot\u00fdk\u00e1 va\u0161\u00ed tv\u00e1\u0159e, tr\u00e1va von\u00ed medem a za oknem se nad vrcholky hor pomalu rozpl\u00fdvaj\u00ed horsk\u00e9 mraky. Zde, v sam\u00e9m srdci Karpat, na v\u00e1s \u010dek\u00e1 l\u00e9to, kter\u00e9 <strong>vyman\u00ed se z rutiny a napln\u00ed srdce opravdov\u00fdm \u0161t\u011bst\u00edm<\/strong>.<\/p>\n\n\n\n<p><strong>\u2728 Kdy\u017e se l\u00e9to stane inspirac\u00ed<\/strong><\/p>\n\n\n\n<p>Letn\u00ed Karpaty nejsou jen p\u0159\u00edroda. Je to stav mysli.<br>\u010cerstv\u00fd vzduch, zelen\u00e9 svahy, horsk\u00e9 potoky, ticho lesa a tak\u00e9 \u010das, kter\u00fd kone\u010dn\u011b str\u00e1v\u00edte sami pro sebe a s t\u011bmi, kter\u00e9 m\u00e1te r\u00e1di. Tohle je v\u00edc ne\u017e jen hotel. Tohle je cel\u00fd sv\u011bt klidu, kr\u00e1sy a h\u0159ejiv\u00fdch chvil. Vytvo\u0159ili jsme m\u00edsto, kde si m\u016f\u017eete jednodu\u0161e\u2026 <strong>zhluboka d\u00fdchat<\/strong>, naslouchejte tichu, bu\u010fte s t\u011bmi, na kter\u00fdch v\u00e1m opravdu z\u00e1le\u017e\u00ed \u2013 a zapome\u0148te, co je stres.<\/p>\n\n\n\n<p><strong>\ud83d\udc91 Romantick\u00fd pobyt pro dva<\/strong><\/p>\n\n\n\n<p>Hled\u00e1te m\u00edsto, kde m\u016f\u017eete spole\u010dn\u011b uniknout ruchu velkom\u011bsta?<br>N\u00e1\u0161 <strong>\u00fatuln\u00e9 pokoje<\/strong>, vytvo\u0159en\u00fd za \u00fa\u010delem <strong>\u010das zastaven\u00ed<\/strong>Ve\u010dery u krbu, sklenka v\u00edna na terase s v\u00fdhledem na hory, nebo v\u00ed\u0159ivka se saunou a baz\u00e9nem - to v\u0161e v\u00e1m prom\u011bn\u00ed l\u00e9to v opravdovou romantiku.<\/p>\n\n\n\n<p><strong>\ud83c\udfe1 Chaty pro firmy i rodiny<\/strong><\/p>\n\n\n\n<p>Dovolen\u00e1 s p\u0159\u00e1teli nebo rodinou?<br><strong>Komfortn\u00ed chatky pro 5\u20136 osob<\/strong> \u2014 ide\u00e1ln\u00ed \u0159e\u0161en\u00ed pro velkou spole\u010dnost. Prostorn\u00e9, \u00fatuln\u00e9 apartm\u00e1ny pro v\u0159elou spole\u010dnou dovolenou, kter\u00e9 v\u00e1m poskytnou dokonalou rovnov\u00e1hu mezi spole\u010dnou rekreac\u00ed a osobn\u00edm prostorem.<\/p>\n\n\n\n<p><strong>\ud83c\udf72 Autentick\u00e1 karpatsk\u00e1 kuchyn\u011b<\/strong><\/p>\n\n\n\n<p>N\u00e1\u0161 <strong>Chata \u201eKarpaty Ilz\u201c<\/strong> \u2014 m\u00edsto, kam se chcete vracet ka\u017ed\u00fd den.<br>J\u00eddla z m\u00edstn\u00edch produkt\u016f, kter\u00e1 si m\u016f\u017eete objednat p\u0159\u00edmo na z\u00e1kladn\u011b, tradi\u010dn\u00ed recepty, lahodn\u00e9 sn\u00eddan\u011b, ve\u010de\u0159e s v\u00ednem nebo bylinkov\u00fdm \u010dajem a spousta a spousta r\u016fzn\u00fdch masov\u00fdch pochoutek a dal\u0161\u00ed - je to stejn\u011b chutn\u00e9 jako doma. Nebo mo\u017en\u00e1 i lep\u0161\u00ed \ud83d\ude09<\/p>\n\n\n\n<p><strong>\ud83d\udd52 Nev\u00e1hejte - sez\u00f3na je ji\u017e otev\u0159en\u00e1!<\/strong><\/p>\n\n\n\n<p>Letn\u00ed term\u00edny se rychle vyprod\u00e1vaj\u00ed \u2013 postarejte se o svou perfektn\u00ed dovolenou <strong>pr\u00e1v\u011b te\u010f<\/strong>.<br>Vyberte si pokoj pro dva nebo chatu pro skupinu \u2013 a dop\u0159ejte si l\u00e9to, kter\u00e9 si skute\u010dn\u011b zaslou\u017e\u00edte.<\/p>\n\n\n\n<p>\ud83d\udcde <strong>Rezervace telefonicky:<\/strong> <a href=\"tel:380979019679\">+380979019679<\/a> nebo <a href=\"tel:380976950989\">+380976950989<\/a><\/p>\n\n\n\n<p>\ud83d\udccd\u201eKarpaty Ilz\u201c je m\u00edsto, kde l\u00e9to \u017eije naplno.<br>Poj\u010fte, u\u017e na v\u00e1s \u010dek\u00e1me.<\/p>","protected":false},"excerpt":{"rendered":"<p>\ud83c\udf3f \u041b\u0406\u0422\u041e \u0412\u0416\u0415 \u0422\u0423\u0422. \u0427\u0430\u0441 \u0431\u0440\u043e\u043d\u044e\u0432\u0430\u0442\u0438 \u0432\u0456\u0434\u043f\u043e\u0447\u0438\u043d\u043e\u043a, \u043f\u0440\u043e \u044f\u043a\u0438\u0439 \u0432\u0438 \u043c\u0440\u0456\u044f\u043b\u0438 \u0432\u0441\u044e \u0437\u0438\u043c\u0443. \u0423\u044f\u0432\u0456\u0442\u044c: \u043f\u0435\u0440\u0448\u0435 \u0442\u0435\u043f\u043b\u043e \u0441\u043e\u043d\u0446\u044f \u0442\u043e\u0440\u043a\u0430\u0454\u0442\u044c\u0441\u044f \u043e\u0431\u043b\u0438\u0447\u0447\u044f, \u0442\u0440\u0430\u0432\u0430 \u043f\u0430\u0445\u043d\u0435 \u043c\u0435\u0434\u043e\u043c, \u0430 \u0437\u0430 \u0432\u0456\u043a\u043d\u043e\u043c \u2014 \u0433\u0456\u0440\u0441\u044c\u043a\u0456 \u0445\u043c\u0430\u0440\u0438, \u0449\u043e \u043f\u043e\u0432\u0456\u043b\u044c\u043d\u043e \u0442\u0430\u043d\u0443\u0442\u044c \u043d\u0430\u0434 \u0432\u0435\u0440\u0448\u0438\u043d\u0430\u043c\u0438. \u0422\u0443\u0442, \u0443 \u0441\u0430\u043c\u043e\u043c\u0443 \u0441\u0435\u0440\u0446\u0456 \u041a\u0430\u0440\u043f\u0430\u0442, \u0432\u0430\u0441 \u0447\u0435\u043a\u0430\u0454 \u043b\u0456\u0442\u043e, \u044f\u043a\u0435 \u0432\u0456\u0434\u0440\u0438\u0432\u0430\u0454 \u0432\u0456\u0434 \u0440\u0443\u0442\u0438\u043d\u0438 \u0456 \u043d\u0430\u043f\u043e\u0432\u043d\u044e\u0454 \u0441\u0435\u0440\u0446\u0435 \u0441\u043f\u0440\u0430\u0432\u0436\u043d\u0456\u043c \u0449\u0430\u0441\u0442\u044f\u043c. \u2728 \u041a\u043e\u043b\u0438 \u043b\u0456\u0442\u043e \u0441\u0442\u0430\u0454 \u043d\u0430\u0442\u0445\u043d\u0435\u043d\u043d\u044f\u043c [&hellip;]<\/p>","protected":false},"author":1,"featured_media":1472,"comment_status":"open","ping_status":"open","sticky":false,"template":"","format":"standard","meta":{"_acf_changed":false,"footnotes":""},"categories":[1],"tags":[],"class_list":["post-1470","post","type-post","status-publish","format-standard","has-post-thumbnail","hentry","category-bez-katehorii"],"acf":[],"_links":{"self":[{"href":"https:\/\/karpaty-ilz.com\/cz\/wp-json\/wp\/v2\/posts\/1470","targetHints":{"allow":["GET"]}}],"collection":[{"href":"https:\/\/karpaty-ilz.com\/cz\/wp-json\/wp\/v2\/posts"}],"about":[{"href":"https:\/\/karpaty-ilz.com\/cz\/wp-json\/wp\/v2\/types\/post"}],"author":[{"embeddable":true,"href":"https:\/\/karpaty-ilz.com\/cz\/wp-json\/wp\/v2\/users\/1"}],"replies":[{"embeddable":true,"href":"https:\/\/karpaty-ilz.com\/cz\/wp-json\/wp\/v2\/comments?post=1470"}],"version-history":[{"count":0,"href":"https:\/\/karpaty-ilz.com\/cz\/wp-json\/wp\/v2\/posts\/1470\/revisions"}],"wp:featuredmedia":[{"embeddable":true,"href":"https:\/\/karpaty-ilz.com\/cz\/wp-json\/wp\/v2\/media\/1472"}],"wp:attachment":[{"href":"https:\/\/karpaty-ilz.com\/cz\/wp-json\/wp\/v2\/media?parent=1470"}],"wp:term":[{"taxonomy":"category","embeddable":true,"href":"https:\/\/karpaty-ilz.com\/cz\/wp-json\/wp\/v2\/categories?post=1470"},{"taxonomy":"post_tag","embeddable":true,"href":"https:\/\/karpaty-ilz.com\/cz\/wp-json\/wp\/v2\/tags?post=1470"}],"curies":[{"name":"wp","href":"https:\/\/api.w.org\/{rel}","templated":true}]}}