{"id":1462,"date":"2025-04-26T16:38:07","date_gmt":"2025-04-26T13:38:07","guid":{"rendered":"https:\/\/karpaty-ilz.com\/?p=1462"},"modified":"2025-04-26T16:49:43","modified_gmt":"2025-04-26T13:49:43","slug":"v-den-skulptora-stvoriuiemo-shedevry-ne-tilky-z-kameniu-a-y-z-vidpochynku","status":"publish","type":"post","link":"https:\/\/karpaty-ilz.com\/pl\/v-den-skulptora-stvoriuiemo-shedevry-ne-tilky-z-kameniu-a-y-z-vidpochynku\/","title":{"rendered":"W Dzie\u0144 Rze\u017abiarza: tworzymy arcydzie\u0142a nie tylko z kamienia, ale tak\u017ce z reszty!"},"content":{"rendered":"<p><strong>Mi\u0119dzynarodowy Dzie\u0144 Rze\u017aby (Dzie\u0144 IS)<\/strong> jest du\u017cym, og\u00f3lno\u015bwiatowym \u015bwi\u0119tem obchodzonym co roku w ostatni\u0105 sobot\u0119 kwietnia. Dzie\u0144 ten, ustanowiony przez Mi\u0119dzynarodowe Centrum Rze\u017aby, ma na celu podniesienie \u015bwiadomo\u015bci na temat rze\u017aby oraz umo\u017cliwienie spo\u0142ecze\u0144stwu docenienia i cieszenia si\u0119 dzie\u0142ami sztuki, kt\u00f3re zdobi\u0105 nasze miasta i spo\u0142eczno\u015bci.<\/p>\n\n\n\n<p><strong>Po kontemplacji pi\u0119knych dzie\u0142 sztuki<\/strong>, kiedy serce t\u0119skni za pokojem i nowym \u017cyciem, zapraszamy Ci\u0119 do odkrycia prawdziwego zak\u0105tka harmonii \u2014 <strong>&#034;Karpaty Ilz&#034;!<\/strong> To w\u0142a\u015bnie tutaj, w\u015br\u00f3d majestatycznych g\u00f3r, szemrz\u0105cych strumieni i czystego powietrza, mo\u017cesz zrelaksowa\u0107 cia\u0142o i dusz\u0119, cieszy\u0107 si\u0119 pi\u0119knem natury i odzyska\u0107 wewn\u0119trzn\u0105 energi\u0119. \u201eKarpaty Ilz\u201d to miejsce, w kt\u00f3rym ka\u017cdy koneser pi\u0119kna mo\u017ce stworzy\u0107 swoj\u0105 w\u0142asn\u0105, niepowtarzaln\u0105 histori\u0119 niezapomnianych wra\u017ce\u0144. Pami\u0119taj: jeste\u015b tw\u00f3rc\u0105 swojego \u017cycia, wi\u0119c tw\u00f3rz je w harmonii i inspiracji razem z nami.<\/p>\n\n\n\n<p><strong>Dla wszystkich mi\u0142o\u015bnik\u00f3w aktywnego wypoczynku letniego<\/strong> \u2014 Letnie Karpaty zachwycaj\u0105 kolorowymi krajobrazami. Naturalne pi\u0119kno, \u015bwie\u017ce powietrze i niezliczone mo\u017cliwo\u015bci aktywnego wypoczynku stworz\u0105 idealne warunki na niezapomniane lato.<\/p>\n\n\n\n<p><strong>Nasi go\u015bcie mog\u0105 wybra\u0107 komfortowe zakwaterowanie:<\/strong> od przytulnych pokoi po przestronne domki dla 5\u20136 os\u00f3b. Nowoczesne udogodnienia w po\u0142\u0105czeniu z domow\u0105 atmosfer\u0105 sprawi\u0105, \u017ce Tw\u00f3j urlop b\u0119dzie naprawd\u0119 niezapomniany.<\/p>\n\n\n\n<p><strong>Mi\u0142a niespodzianka<\/strong> Na terenie obiektu dost\u0119pny b\u0119dzie podgrzewany basen, z kt\u00f3rego b\u0119d\u0105 mogli korzysta\u0107 wszyscy go\u015bcie bez dodatkowych op\u0142at. Wyobra\u017a sobie: p\u0142ywanie w \u0142agodnym s\u0142o\u0144cu Karpat, delektowanie si\u0119 spokojem i relaksem w\u015br\u00f3d malowniczych krajobraz\u00f3w.<\/p>\n\n\n\n<p>Szukasz wi\u0119kszego odpoczynku dla cia\u0142a i duszy? Zapraszamy do sauny lub na relaks w jacuzzi przy aromatycznej herbacie. Takie chwile harmonii dost\u0119pne s\u0105 poprzez dodatkowe zam\u00f3wienie bezpo\u015brednio na terenie bazy.<\/p>\n\n\n\n<p>Stw\u00f3rz swoje najja\u015bniejsze chwile z Ilse! Poczuj ciep\u0142o Karpat, ich dziewicze pi\u0119kno i szczer\u0105 go\u015bcinno\u015b\u0107.<\/p>\n\n\n\n<p><strong>Nie zwlekaj i spe\u0142nij swoje marzenia o idealnych wakacjach!<\/strong> Wybierz ju\u017c dzi\u015b przytulny pok\u00f3j lub przestronny domek ze znajomymi i zanurz si\u0119 z nami w magii Karpat. Zadzwo\u0144 teraz: <strong><a href=\"tel:380979019679\">+380979019679<\/a><\/strong> Lub <strong><a href=\"tel:380976950989\">+380976950989.<\/a><\/strong> Nasi troskliwi managerowie pomog\u0105 Ci wybra\u0107 dok\u0142adnie to, co sprawi, \u017ce Twoje wakacje b\u0119d\u0105 idealne!<\/p>\n\n\n\n<p><\/p>","protected":false},"excerpt":{"rendered":"<p>\u041c\u0456\u0436\u043d\u0430\u0440\u043e\u0434\u043d\u0438\u0439 \u0434\u0435\u043d\u044c \u0441\u043a\u0443\u043b\u044c\u043f\u0442\u0443\u0440\u0438 (International Sculpture Day, \u0430\u0431\u043e IS Day) \u2013 \u0446\u0435 \u044f\u0441\u043a\u0440\u0430\u0432\u0435 \u0432\u0441\u0435\u0441\u0432\u0456\u0442\u043d\u0454 \u0441\u0432\u044f\u0442\u043e, \u044f\u043a\u0435 \u0449\u043e\u0440\u043e\u043a\u0443 \u0432\u0456\u0434\u0437\u043d\u0430\u0447\u0430\u0454\u0442\u044c\u0441\u044f \u0432 \u043e\u0441\u0442\u0430\u043d\u043d\u044e \u0441\u0443\u0431\u043e\u0442\u0443 \u043a\u0432\u0456\u0442\u043d\u044f. \u0417\u0430\u0441\u043d\u043e\u0432\u0430\u043d\u0438\u0439 \u041c\u0456\u0436\u043d\u0430\u0440\u043e\u0434\u043d\u0438\u043c \u0446\u0435\u043d\u0442\u0440\u043e\u043c \u0441\u043a\u0443\u043b\u044c\u043f\u0442\u0443\u0440\u0438 (International Sculpture Center), \u0446\u0435\u0439 \u0434\u0435\u043d\u044c \u0441\u043f\u0440\u044f\u043c\u043e\u0432\u0430\u043d\u0438\u0439 \u043d\u0430 \u043f\u0456\u0434\u0432\u0438\u0449\u0435\u043d\u043d\u044f \u043e\u0431\u0456\u0437\u043d\u0430\u043d\u043e\u0441\u0442\u0456 \u043f\u0440\u043e \u0441\u043a\u0443\u043b\u044c\u043f\u0442\u0443\u0440\u0443 \u0442\u0430 \u043d\u0430\u0434\u0430\u043d\u043d\u044f \u043c\u043e\u0436\u043b\u0438\u0432\u043e\u0441\u0442\u0456 \u043f\u0443\u0431\u043b\u0456\u0446\u0456 \u043e\u0446\u0456\u043d\u0438\u0442\u0438 \u0439 \u043d\u0430\u0441\u043e\u043b\u043e\u0434\u0438\u0442\u0438\u0441\u044f \u0442\u0432\u043e\u0440\u0430\u043c\u0438 \u043c\u0438\u0441\u0442\u0435\u0446\u0442\u0432\u0430, \u0449\u043e \u043f\u0440\u0438\u043a\u0440\u0430\u0448\u0430\u044e\u0442\u044c \u043d\u0430\u0448\u0456 \u043c\u0456\u0441\u0442\u0430 \u0442\u0430 \u0433\u0440\u043e\u043c\u0430\u0434\u0438. \u041f\u0456\u0441\u043b\u044f \u0441\u043f\u043e\u0433\u043b\u044f\u0434\u0430\u043d\u043d\u044f \u043f\u0440\u0435\u043a\u0440\u0430\u0441\u043d\u0438\u0445 \u0432\u0438\u0442\u0432\u043e\u0440\u0456\u0432 [&hellip;]<\/p>","protected":false},"author":1,"featured_media":1464,"comment_status":"open","ping_status":"open","sticky":false,"template":"","format":"standard","meta":{"_acf_changed":false,"footnotes":""},"categories":[1],"tags":[],"class_list":["post-1462","post","type-post","status-publish","format-standard","has-post-thumbnail","hentry","category-bez-katehorii"],"acf":[],"_links":{"self":[{"href":"https:\/\/karpaty-ilz.com\/pl\/wp-json\/wp\/v2\/posts\/1462","targetHints":{"allow":["GET"]}}],"collection":[{"href":"https:\/\/karpaty-ilz.com\/pl\/wp-json\/wp\/v2\/posts"}],"about":[{"href":"https:\/\/karpaty-ilz.com\/pl\/wp-json\/wp\/v2\/types\/post"}],"author":[{"embeddable":true,"href":"https:\/\/karpaty-ilz.com\/pl\/wp-json\/wp\/v2\/users\/1"}],"replies":[{"embeddable":true,"href":"https:\/\/karpaty-ilz.com\/pl\/wp-json\/wp\/v2\/comments?post=1462"}],"version-history":[{"count":0,"href":"https:\/\/karpaty-ilz.com\/pl\/wp-json\/wp\/v2\/posts\/1462\/revisions"}],"wp:featuredmedia":[{"embeddable":true,"href":"https:\/\/karpaty-ilz.com\/pl\/wp-json\/wp\/v2\/media\/1464"}],"wp:attachment":[{"href":"https:\/\/karpaty-ilz.com\/pl\/wp-json\/wp\/v2\/media?parent=1462"}],"wp:term":[{"taxonomy":"category","embeddable":true,"href":"https:\/\/karpaty-ilz.com\/pl\/wp-json\/wp\/v2\/categories?post=1462"},{"taxonomy":"post_tag","embeddable":true,"href":"https:\/\/karpaty-ilz.com\/pl\/wp-json\/wp\/v2\/tags?post=1462"}],"curies":[{"name":"wp","href":"https:\/\/api.w.org\/{rel}","templated":true}]}}